{"id":1442,"date":"2015-12-08T09:41:04","date_gmt":"2015-12-08T07:41:04","guid":{"rendered":"http:\/\/www.schiverein-traunkirchen.at\/wordpress\/?p=1442"},"modified":"2015-12-08T09:41:04","modified_gmt":"2015-12-08T07:41:04","slug":"franziska-enichlmayr-neue-uebungsleiterin","status":"publish","type":"post","link":"https:\/\/www.schiverein-traunkirchen.at\/wordpress\/2015\/12\/franziska-enichlmayr-neue-uebungsleiterin\/","title":{"rendered":"Franziska Enichlmayr neue \u00dcbungsleiterin!"},"content":{"rendered":"<p>Unsere liebe Franziska Enichlmayr hat die Ausbildung zur \u00dcbungsleiterin mit Bravour gemeistert und sogar eine Sonderempfehlung f\u00fcr den Instruktor erhalten! Dazu Gratulieren wir herzlich! Mal sehen, welche Gruppe das Gl\u00fcck haben wird sie als Betreuerin beim Schikurs zu haben.<\/p>\n","protected":false},"excerpt":{"rendered":"<p>Unsere liebe Franziska Enichlmayr hat die Ausbildung zur \u00dcbungsleiterin mit Bravour gemeistert und sogar eine Sonderempfehlung f\u00fcr den Instruktor erhalten! Dazu Gratulieren wir herzlich! Mal sehen, welche Gruppe das Gl\u00fcck haben wird sie als Betreuerin beim Schikurs zu haben.<\/p>\n","protected":false},"author":6,"featured_media":2162,"comment_status":"open","ping_status":"open","sticky":false,"template":"","format":"standard","meta":{"footnotes":""},"categories":[2],"tags":[],"featured_image_urls_v2":{"full":["https:\/\/www.schiverein-traunkirchen.at\/wordpress\/wp-content\/uploads\/2021\/12\/defaltlogo.png",500,500,false],"thumbnail":["https:\/\/www.schiverein-traunkirchen.at\/wordpress\/wp-content\/uploads\/2021\/12\/defaltlogo-150x150.png",150,150,true],"medium":["https:\/\/www.schiverein-traunkirchen.at\/wordpress\/wp-content\/uploads\/2021\/12\/defaltlogo-300x300.png",300,300,true],"medium_large":["https:\/\/www.schiverein-traunkirchen.at\/wordpress\/wp-content\/uploads\/2021\/12\/defaltlogo.png",500,500,false],"large":["https:\/\/www.schiverein-traunkirchen.at\/wordpress\/wp-content\/uploads\/2021\/12\/defaltlogo.png",500,500,false],"1536x1536":["https:\/\/www.schiverein-traunkirchen.at\/wordpress\/wp-content\/uploads\/2021\/12\/defaltlogo.png",500,500,false],"2048x2048":["https:\/\/www.schiverein-traunkirchen.at\/wordpress\/wp-content\/uploads\/2021\/12\/defaltlogo.png",500,500,false],"widget-thumb":["https:\/\/www.schiverein-traunkirchen.at\/wordpress\/wp-content\/uploads\/2021\/12\/defaltlogo-80x50.png",80,50,true],"awpcp-thumbnail":["https:\/\/www.schiverein-traunkirchen.at\/wordpress\/wp-content\/uploads\/2021\/12\/defaltlogo-125x125.png",125,125,true],"awpcp-featured":["https:\/\/www.schiverein-traunkirchen.at\/wordpress\/wp-content\/uploads\/2021\/12\/defaltlogo-200x200.png",200,200,true],"awpcp-featured-on-lists":["https:\/\/www.schiverein-traunkirchen.at\/wordpress\/wp-content\/uploads\/2021\/12\/defaltlogo-80x80.png",80,80,true],"awpcp-large":["https:\/\/www.schiverein-traunkirchen.at\/wordpress\/wp-content\/uploads\/2021\/12\/defaltlogo.png",500,500,false]},"post_excerpt_stackable_v2":"<p>Unsere liebe Franziska Enichlmayr hat die Ausbildung zur \u00dcbungsleiterin mit Bravour gemeistert und sogar eine Sonderempfehlung f\u00fcr den Instruktor erhalten! Dazu Gratulieren wir herzlich! Mal sehen, welche Gruppe das Gl\u00fcck haben wird sie als Betreuerin beim Schikurs zu haben.<\/p>\n","category_list_v2":"<a href=\"https:\/\/www.schiverein-traunkirchen.at\/wordpress\/category\/startseite\/news\/\" rel=\"category tag\">News<\/a>","author_info_v2":{"name":"Fehrer Karl","url":"https:\/\/www.schiverein-traunkirchen.at\/wordpress\/author\/fehkar\/"},"comments_num_v2":"0 comments","_links":{"self":[{"href":"https:\/\/www.schiverein-traunkirchen.at\/wordpress\/wp-json\/wp\/v2\/posts\/1442"}],"collection":[{"href":"https:\/\/www.schiverein-traunkirchen.at\/wordpress\/wp-json\/wp\/v2\/posts"}],"about":[{"href":"https:\/\/www.schiverein-traunkirchen.at\/wordpress\/wp-json\/wp\/v2\/types\/post"}],"author":[{"embeddable":true,"href":"https:\/\/www.schiverein-traunkirchen.at\/wordpress\/wp-json\/wp\/v2\/users\/6"}],"replies":[{"embeddable":true,"href":"https:\/\/www.schiverein-traunkirchen.at\/wordpress\/wp-json\/wp\/v2\/comments?post=1442"}],"version-history":[{"count":2,"href":"https:\/\/www.schiverein-traunkirchen.at\/wordpress\/wp-json\/wp\/v2\/posts\/1442\/revisions"}],"predecessor-version":[{"id":1444,"href":"https:\/\/www.schiverein-traunkirchen.at\/wordpress\/wp-json\/wp\/v2\/posts\/1442\/revisions\/1444"}],"wp:featuredmedia":[{"embeddable":true,"href":"https:\/\/www.schiverein-traunkirchen.at\/wordpress\/wp-json\/wp\/v2\/media\/2162"}],"wp:attachment":[{"href":"https:\/\/www.schiverein-traunkirchen.at\/wordpress\/wp-json\/wp\/v2\/media?parent=1442"}],"wp:term":[{"taxonomy":"category","embeddable":true,"href":"https:\/\/www.schiverein-traunkirchen.at\/wordpress\/wp-json\/wp\/v2\/categories?post=1442"},{"taxonomy":"post_tag","embeddable":true,"href":"https:\/\/www.schiverein-traunkirchen.at\/wordpress\/wp-json\/wp\/v2\/tags?post=1442"}],"curies":[{"name":"wp","href":"https:\/\/api.w.org\/{rel}","templated":true}]}}